{"id":636,"date":"2022-08-12T10:03:00","date_gmt":"2022-08-12T16:03:00","guid":{"rendered":"https:\/\/liceoguatemala.edu.gt\/home\/?p=636"},"modified":"2023-01-19T09:13:40","modified_gmt":"2023-01-19T15:13:40","slug":"celebracion-de-asuncion","status":"publish","type":"post","link":"https:\/\/liceoguatemala.edu.gt\/home\/celebracion-de-asuncion\/","title":{"rendered":"Celebraci\u00f3n de Asunci\u00f3n"},"content":{"rendered":"\t\t<div data-elementor-type=\"wp-post\" data-elementor-id=\"636\" class=\"elementor elementor-636\" data-elementor-post-type=\"post\">\n\t\t\t\t\t\t<section class=\"elementor-section elementor-top-section elementor-element elementor-element-67d48b1a elementor-section-boxed elementor-section-height-default elementor-section-height-default\" data-id=\"67d48b1a\" data-element_type=\"section\" data-e-type=\"section\">\n\t\t\t\t\t\t<div class=\"elementor-container elementor-column-gap-default\">\n\t\t\t\t\t<div class=\"elementor-column elementor-col-100 elementor-top-column elementor-element elementor-element-73d309dd\" data-id=\"73d309dd\" data-element_type=\"column\" data-e-type=\"column\">\n\t\t\t<div class=\"elementor-widget-wrap elementor-element-populated\">\n\t\t\t\t\t\t<div class=\"elementor-element elementor-element-2abd9f9e elementor-widget elementor-widget-text-editor\" data-id=\"2abd9f9e\" data-element_type=\"widget\" data-e-type=\"widget\" data-widget_type=\"text-editor.default\">\n\t\t\t\t<div class=\"elementor-widget-container\">\n\t\t\t\t\t\t\t\t\t\n<p>El viernes 12 de agosto celebramos con los chicos de Primer y Segundo Ciclo la Asunci\u00f3n de Mar\u00eda con un peque\u00f1o acto, cantos y mucha felicidad. Cada ciclo vivi\u00f3 la celebraci\u00f3n de Asunci\u00f3n con un acto conmemorativo. Adem\u00e1s segundo ciclo tuvo un picnic y juegos en el campo<\/p>\n<h3 style=\"text-align: center;\">\u00bfPor qu\u00e9 tanta alegr\u00eda?&#8230; \u00a1Por la Asunci\u00f3n de Mar\u00eda!<\/h3>\n<p>Mira las im\u00e1genes en nuestras redes sociales:<\/p>\n<ul>\n<li><a href=\"https:\/\/www.facebook.com\/maristas.liceoguatemala\/posts\/pfbid0ftxRKsmiY4weR1MwkGoqGqTqEJnHquWF2nqfZoPT2LL1BK1aqBF1qk6HwBRNDDTyl\" target=\"_blank\" rel=\"noopener\">Primer ciclo<\/a><\/li>\n<li><a href=\"https:\/\/www.facebook.com\/maristas.liceoguatemala\/posts\/pfbid0Jav8BKKb6BM5eBTDi1pb2t7z2rHvvfWTr4u8LuW5AcRAbyhEHt4ZzNVVgJykMKTMl\" target=\"_blank\" rel=\"noopener\">Segundo ciclo<\/a><\/li>\n<\/ul>\n\t\t\t\t\t\t\t\t<\/div>\n\t\t\t\t<\/div>\n\t\t\t\t\t<\/div>\n\t\t<\/div>\n\t\t\t\t\t<\/div>\n\t\t<\/section>\n\t\t\t\t<\/div>\n\t\t","protected":false},"excerpt":{"rendered":"<p>Celebramos con los chicos de Primer y Segundo Ciclo la Asunci\u00f3n de Mar\u00eda.<\/p>\n","protected":false},"author":4,"featured_media":3384,"comment_status":"closed","ping_status":"closed","sticky":false,"template":"","format":"standard","meta":{"_monsterinsights_skip_tracking":false,"_monsterinsights_sitenote_active":false,"_monsterinsights_sitenote_note":"","_monsterinsights_sitenote_category":0,"footnotes":""},"categories":[9],"tags":[45,43,21],"class_list":["post-636","post","type-post","status-publish","format-standard","has-post-thumbnail","hentry","category-noticias","tag-celebracion","tag-familia","tag-guatemala"],"_links":{"self":[{"href":"https:\/\/liceoguatemala.edu.gt\/home\/wp-json\/wp\/v2\/posts\/636","targetHints":{"allow":["GET"]}}],"collection":[{"href":"https:\/\/liceoguatemala.edu.gt\/home\/wp-json\/wp\/v2\/posts"}],"about":[{"href":"https:\/\/liceoguatemala.edu.gt\/home\/wp-json\/wp\/v2\/types\/post"}],"author":[{"embeddable":true,"href":"https:\/\/liceoguatemala.edu.gt\/home\/wp-json\/wp\/v2\/users\/4"}],"replies":[{"embeddable":true,"href":"https:\/\/liceoguatemala.edu.gt\/home\/wp-json\/wp\/v2\/comments?post=636"}],"version-history":[{"count":9,"href":"https:\/\/liceoguatemala.edu.gt\/home\/wp-json\/wp\/v2\/posts\/636\/revisions"}],"predecessor-version":[{"id":4035,"href":"https:\/\/liceoguatemala.edu.gt\/home\/wp-json\/wp\/v2\/posts\/636\/revisions\/4035"}],"wp:featuredmedia":[{"embeddable":true,"href":"https:\/\/liceoguatemala.edu.gt\/home\/wp-json\/wp\/v2\/media\/3384"}],"wp:attachment":[{"href":"https:\/\/liceoguatemala.edu.gt\/home\/wp-json\/wp\/v2\/media?parent=636"}],"wp:term":[{"taxonomy":"category","embeddable":true,"href":"https:\/\/liceoguatemala.edu.gt\/home\/wp-json\/wp\/v2\/categories?post=636"},{"taxonomy":"post_tag","embeddable":true,"href":"https:\/\/liceoguatemala.edu.gt\/home\/wp-json\/wp\/v2\/tags?post=636"}],"curies":[{"name":"wp","href":"https:\/\/api.w.org\/{rel}","templated":true}]}}