{"id":4236,"date":"2023-01-20T13:02:00","date_gmt":"2023-01-20T19:02:00","guid":{"rendered":"https:\/\/liceoguatemala.edu.gt\/home\/?p=4236"},"modified":"2023-03-02T13:54:42","modified_gmt":"2023-03-02T19:54:42","slug":"semana-de-apoyo-socioemocional-secundaria","status":"publish","type":"post","link":"https:\/\/liceoguatemala.edu.gt\/home\/semana-de-apoyo-socioemocional-secundaria\/","title":{"rendered":"Semana de apoyo Socioemocional &#8211; Secundaria"},"content":{"rendered":"\t\t<div data-elementor-type=\"wp-post\" data-elementor-id=\"4236\" class=\"elementor elementor-4236\" data-elementor-post-type=\"post\">\n\t\t\t\t\t\t<section class=\"elementor-section elementor-top-section elementor-element elementor-element-67d48b1a elementor-section-boxed elementor-section-height-default elementor-section-height-default\" data-id=\"67d48b1a\" data-element_type=\"section\" data-e-type=\"section\">\n\t\t\t\t\t\t<div class=\"elementor-container elementor-column-gap-default\">\n\t\t\t\t\t<div class=\"elementor-column elementor-col-100 elementor-top-column elementor-element elementor-element-73d309dd\" data-id=\"73d309dd\" data-element_type=\"column\" data-e-type=\"column\">\n\t\t\t<div class=\"elementor-widget-wrap elementor-element-populated\">\n\t\t\t\t\t\t<div class=\"elementor-element elementor-element-2abd9f9e elementor-widget elementor-widget-text-editor\" data-id=\"2abd9f9e\" data-element_type=\"widget\" data-e-type=\"widget\" data-widget_type=\"text-editor.default\">\n\t\t\t\t<div class=\"elementor-widget-container\">\n\t\t\t\t\t\t\t\t\t<p><\/p>\n<div dir=\"auto\">\n<div dir=\"auto\">Los alumnos de B\u00e1sicos y Bachillerato reflexionaron sobre \u00abYo soy\u00bb, c\u00f3mo me ven los dem\u00e1s, qu\u00e9 agradezco y todo esto plasmado en diferentes actividades.<\/div>\n<div dir=\"auto\">\u00a0<\/div>\n<div dir=\"auto\">Nuestros chicos realizaron mandalas humanas, como actividad de la semana de integraci\u00f3n socioemocional. Las mandalas permiten crear un ambiente armonioso y equilibrado, esto nos ayuda a conectar con nuestro ser, activar la sinergia, unidad y el trabajo en equipo. El ejercicio de las mandalas humanas promueve la socializaci\u00f3n y comunicaci\u00f3n entre los j\u00f3venes.<\/div>\n<div dir=\"auto\">\u00a0<\/div>\n<div dir=\"auto\">Gracias al equipo de consejer\u00eda escolar por la gu\u00eda para docentes y estudiantes.<\/div>\n<div dir=\"auto\">\u00a0<\/div>\n<\/div>\n<p>Mira las im\u00e1genes en nuestras redes sociales:<\/p>\n<ul>\n<li><a href=\"https:\/\/www.facebook.com\/maristas.liceoguatemala\/posts\/pfbid0QD8C1bjZJ7zYG43DY4AHaG5YFZeDto94ZR43kF5evFcUJHos1KZqqjB4tMsaWLVEl\" target=\"_blank\" rel=\"noopener\">Album 01<\/a><\/li>\n<li><a href=\"https:\/\/www.facebook.com\/maristas.liceoguatemala\/posts\/pfbid0QD8C1bjZJ7zYG43DY4AHaG5YFZeDto94ZR43kF5evFcUJHos1KZqqjB4tMsaWLVEl\" target=\"_blank\" rel=\"noopener\">Album 02<\/a><\/li>\n<\/ul>\n<p><\/p>\t\t\t\t\t\t\t\t<\/div>\n\t\t\t\t<\/div>\n\t\t\t\t\t<\/div>\n\t\t<\/div>\n\t\t\t\t\t<\/div>\n\t\t<\/section>\n\t\t\t\t<\/div>\n\t\t","protected":false},"excerpt":{"rendered":"<p>Los alumnos de B\u00e1sicos y Bachillerato reflexionaron sobre \u00abYo soy\u00bb.<\/p>\n","protected":false},"author":5,"featured_media":4237,"comment_status":"closed","ping_status":"closed","sticky":false,"template":"","format":"standard","meta":{"_monsterinsights_skip_tracking":false,"_monsterinsights_sitenote_active":false,"_monsterinsights_sitenote_note":"","_monsterinsights_sitenote_category":0,"footnotes":""},"categories":[9],"tags":[45,43,21],"class_list":["post-4236","post","type-post","status-publish","format-standard","has-post-thumbnail","hentry","category-noticias","tag-celebracion","tag-familia","tag-guatemala"],"_links":{"self":[{"href":"https:\/\/liceoguatemala.edu.gt\/home\/wp-json\/wp\/v2\/posts\/4236","targetHints":{"allow":["GET"]}}],"collection":[{"href":"https:\/\/liceoguatemala.edu.gt\/home\/wp-json\/wp\/v2\/posts"}],"about":[{"href":"https:\/\/liceoguatemala.edu.gt\/home\/wp-json\/wp\/v2\/types\/post"}],"author":[{"embeddable":true,"href":"https:\/\/liceoguatemala.edu.gt\/home\/wp-json\/wp\/v2\/users\/5"}],"replies":[{"embeddable":true,"href":"https:\/\/liceoguatemala.edu.gt\/home\/wp-json\/wp\/v2\/comments?post=4236"}],"version-history":[{"count":18,"href":"https:\/\/liceoguatemala.edu.gt\/home\/wp-json\/wp\/v2\/posts\/4236\/revisions"}],"predecessor-version":[{"id":4278,"href":"https:\/\/liceoguatemala.edu.gt\/home\/wp-json\/wp\/v2\/posts\/4236\/revisions\/4278"}],"wp:featuredmedia":[{"embeddable":true,"href":"https:\/\/liceoguatemala.edu.gt\/home\/wp-json\/wp\/v2\/media\/4237"}],"wp:attachment":[{"href":"https:\/\/liceoguatemala.edu.gt\/home\/wp-json\/wp\/v2\/media?parent=4236"}],"wp:term":[{"taxonomy":"category","embeddable":true,"href":"https:\/\/liceoguatemala.edu.gt\/home\/wp-json\/wp\/v2\/categories?post=4236"},{"taxonomy":"post_tag","embeddable":true,"href":"https:\/\/liceoguatemala.edu.gt\/home\/wp-json\/wp\/v2\/tags?post=4236"}],"curies":[{"name":"wp","href":"https:\/\/api.w.org\/{rel}","templated":true}]}}